{"id":1096,"date":"2015-05-31T13:08:53","date_gmt":"2015-05-31T12:08:53","guid":{"rendered":"http:\/\/www.evelyn-sommerhoff.de\/?p=1096"},"modified":"2015-05-31T13:09:30","modified_gmt":"2015-05-31T12:09:30","slug":"luce-mania-update15","status":"publish","type":"post","link":"https:\/\/www.evelyn-sommerhoff.de\/?p=1096","title":{"rendered":"LUCE MANIA  |  update15"},"content":{"rendered":"<p><strong>LUCE MANIA | update 15<\/strong><\/p>\n<p>EINLADUNG | ER\u00d6FFNUNG der aktuellen Vereinsausstellung update 15 | Mittwoch, 29. APRIL 2015<strong><a href=\"http:\/\/www.evelyn-sommerhoff.de\/blog\/wp-content\/uploads\/2015\/05\/einladung-update-15-k-web1-Kopie.jpeg\"><img decoding=\"async\" loading=\"lazy\" class=\"aligncenter size-medium wp-image-1097\" src=\"http:\/\/www.evelyn-sommerhoff.de\/blog\/wp-content\/uploads\/2015\/05\/einladung-update-15-k-web1-Kopie-300x150.jpeg\" alt=\"einladung-update-15-k-web1 Kopie\" width=\"300\" height=\"150\" srcset=\"https:\/\/www.evelyn-sommerhoff.de\/blog\/wp-content\/uploads\/2015\/05\/einladung-update-15-k-web1-Kopie-300x150.jpeg 300w, https:\/\/www.evelyn-sommerhoff.de\/blog\/wp-content\/uploads\/2015\/05\/einladung-update-15-k-web1-Kopie.jpeg 596w\" sizes=\"(max-width: 300px) 100vw, 300px\" \/><\/a><\/strong><br \/>\nLUCE MANIA.<\/p>\n<p>Die Darstellungen und bildnerisch \u2013 k\u00fcnstlerischen Untersuchungen der vielf\u00e4ltigen Ph\u00e4nomene von Licht und Beleuchtung in der Natur und den urbanen Lebensr\u00e4umen des Menschen sind seit jeher, gerade im Zuge der technischen Entwicklungen immer wieder neue, sich \u00e4ndernde, k\u00fcnstlerische Anliegen. In der christlichen Ikonographie steht das Licht als Symbol f\u00fcr spirituelle Qualit\u00e4ten, als Quelle und Zeichen f\u00fcr Erl\u00f6sung. Im Barock streben die himmlischen Heerscharen dem lichterf\u00fcll-ten Himmel zu und mit ihnen, sich transzendentierend, die vom irdischen Leben belasteten Men-schen. Seit der Renaissance werden k\u00fcnstlerische Techniken wesentlich durch naturwissenschaftli-che Errungenschaften bereichert. Die Camera Obscura, Linsen und Spiegel werden von K\u00fcnstlern der Renaissance zur Entwicklung neuer Bildinhalte und Entwicklung neuer Darstellungsformen und bildinterner und externer Lichtquellen hinzugezogen.<br \/>\nDie Entwicklung des k\u00fcnstlichen Lichts im h\u00e4uslichen und \u00f6ffentlichen Raum sowie die Entwick-lung der Fotografie schafften im 19.Jhdt neue k\u00fcnstlerische Ausdrucksm\u00f6glichkeiten und Untersu-chungsfelder. Impressionismus und Moderne im 20.Jhdt. untersuchten die Farbe als Lichttr\u00e4ger, die Ph\u00e4nomene des Lichts mit den Mitteln der Farbe. Fotografie, Film und Video arbeiten mit Lichtge-staltung und Lichtinszenierungen. Fotografische und filmische Erz\u00e4hlungen werden entscheidend durch den Einsatz von Kunstlicht mit unterschiedlichen Lichtqualit\u00e4ten und k\u00fcnstlichen Leuchtk\u00f6r-pern bestimmt. Licht und Schatten bieten bildgestalterisch, in Rauminszenierungen und dreidimen-sionalen Kunstwerken als auch in kunst \u2013 und kulturphilosophischen Untersuchungen ein wei-tes k\u00fcnstlerisches Feld.<br \/>\nNeue Energie- und Lichtquellen wie LED und Laser Licht sind nicht nur unter \u00f6kologischen und \u00f6konomischen Gesichtspunkten bedeutend, sondern bieten z.B. mit selbstleuchtenden Objekten oder Lichtstrahlvisualisierung v\u00f6llig neue Gestaltungsm\u00f6glichkeiten im Innen \u2013und Au\u00dfenraum. Lichtph\u00e4nomene der Natur, Nordlicht, Sonnenfinsternis, Blitz und Wetterleuchten, Sonnen-Mond \u2013 und Sternenlicht, und: der Mensch erblickt bei seiner Geburt immer noch das Licht der Welt.<\/p>\n<p>LUCE MANIA ist ein Kunstwort. Es beinhaltet das Wort Luce, es f\u00fchrt also ausreichend in die thematische Richtung LICHT. Mania weist auf die leidenschaftliche Besch\u00e4ftigung mit dem Thema oder die Manie, die maniera \u2013 die Art und Weise, den Stil- in der Behandlung und \u00dcbersetzung der Licht-ph\u00e4nomene hin.<\/p>\n<p>Michael Augustinski | Jutta Barth | Monika Bartsch | Silke Bartsch | Sandra Becker | Gerda Berger | Birgit Borggrebe | Peter Bradtke | Gerd Breidenstein | Conrad Brockstedt | BUCCO | Barbara Czarnojahn | Christoph Damm | David Dibiah | Christian Ebel | Burghild Eichheim-Keller | Ellinor Euler | Ute Faber | Ulrike Frank | Gerhard Gabel | Hans J\u00fcrgen Gabriel | Marianne Gielen | Marilyn Green | Axel Gundrum | Claudia Hartwig | Hella Horstmeier | Rosika Jank\u00f3-Glage | J\u00fcrgen Kellig | Karsten Kelsch | Matthias Koeppel | Karoline Koeppel | Simone Kornfeld | Sebastian Kusenberg | Uschi Leonhardt | Ina Lindemann | Dorothea Markner-Weiss | Klaus Mollenhauer | Helga Ntephe | Detlef Olschewski | Monika Ortmann | POGO | Nele Probst | Eberhardt Purrucker | Regina Ro-skoden | Franziska Rutishauser | Peter Schlangenbader | Robert Schmidt-Matt | Sabine Schneider | Bernadette Schroeger | Ursula Schwirzer | Todd Severson | Evelyn Sommerhoff | SOOKI | Hans Stein | Marianne Stoll | Andrea Streit | Andrea Sunder-Plassmann | Detlef Suske | J\u00fcrgen Tenz | Helga Wagner| Gerard Waskievitz | Barbara Zirpins<\/p>\n<p>LUCE MANIA | update15<br \/>\n30. 04. bis zum 31. 05. 2015<\/p>\n<p>Er\u00f6ffnung: Mittwoch, 29.04.2015, 19 Uhr<br \/>\nBegr\u00fc\u00dfung: Sabine Schneider, 1 . Vorsitzende des VBK<br \/>\nEinf\u00fchrende Worte: &#8222;An den R\u00e4ndern des Lichtes\u201d, Simone Kornfeld<\/p>\n<p>\u00d6ffnungszeiten:<br \/>\nDienstag-Freitag 15-1 9 Uhr<br \/>\nSamstag-Sonntag 14-1 8 Uhr<\/p>\n<p>Gallery Weekend<br \/>\n01 . &#8211; 03. Mai 201 5<br \/>\nSonder\u00f6ffnungszeiten:<br \/>\nFreitag 1 9- 21 Uhr<br \/>\nSa &#8211; So 1 1 &#8211; 1 9 Uhr<\/p>\n<p>Am 28. Mai 201 5 bleibt die Galerie geschlossen.<\/p>\n<p>Location<br \/>\nGalerie VEREIN BERLINER K\u00dcNSTLER<br \/>\nSch\u00f6neberger Ufer 57<br \/>\nD-10785 Berlin Tiergarten-Mitte<br \/>\n(gegen\u00fcber der Neuen Nationalgalerie)<\/p>\n<p>\u2013\u2013\u2013\u2013\u2013\u2013\u2013\u2013\u2013\u2013\u2013\u2013\u2013\u2013\u2013\u2013\u2013\u2013\u2013\u2013\u2013\u2013\u2013\u2013\u2013\u2013\u2013\u2013\u2013\u2013\u2013\u2013\u2013\u2013\u2013\u2013\u2013\u2013\u2013\u2013\u2013<br \/>\nVerein Berliner K\u00fcnstler<br \/>\nSch\u00f6neberger Ufer 57<br \/>\nD-10785 Berlin Tiergarten-Mitte<\/p>\n<p>Fon 0049 &#8211; (0)30 &#8211; 261 23 99<br \/>\nFax 0049 &#8211; (0)30 &#8211; 269 31 916<\/p>\n","protected":false},"excerpt":{"rendered":"LUCE MANIA | update 15\nEINLADUNG | ER\u00d6FFNUNG der aktuellen Vereinsausstellung update 15 | Mittwoch, 29. APRIL 2015\nLUCE MANIA.\nDie Darstellungen und bildnerisch \u2013 k\u00fcnstlerischen Untersuchungen der &hellip;","protected":false},"author":2,"featured_media":0,"comment_status":"open","ping_status":"closed","sticky":false,"template":"","format":"standard","meta":[],"categories":[1],"tags":[],"_links":{"self":[{"href":"https:\/\/www.evelyn-sommerhoff.de\/index.php?rest_route=\/wp\/v2\/posts\/1096"}],"collection":[{"href":"https:\/\/www.evelyn-sommerhoff.de\/index.php?rest_route=\/wp\/v2\/posts"}],"about":[{"href":"https:\/\/www.evelyn-sommerhoff.de\/index.php?rest_route=\/wp\/v2\/types\/post"}],"author":[{"embeddable":true,"href":"https:\/\/www.evelyn-sommerhoff.de\/index.php?rest_route=\/wp\/v2\/users\/2"}],"replies":[{"embeddable":true,"href":"https:\/\/www.evelyn-sommerhoff.de\/index.php?rest_route=%2Fwp%2Fv2%2Fcomments&post=1096"}],"version-history":[{"count":1,"href":"https:\/\/www.evelyn-sommerhoff.de\/index.php?rest_route=\/wp\/v2\/posts\/1096\/revisions"}],"predecessor-version":[{"id":1098,"href":"https:\/\/www.evelyn-sommerhoff.de\/index.php?rest_route=\/wp\/v2\/posts\/1096\/revisions\/1098"}],"wp:attachment":[{"href":"https:\/\/www.evelyn-sommerhoff.de\/index.php?rest_route=%2Fwp%2Fv2%2Fmedia&parent=1096"}],"wp:term":[{"taxonomy":"category","embeddable":true,"href":"https:\/\/www.evelyn-sommerhoff.de\/index.php?rest_route=%2Fwp%2Fv2%2Fcategories&post=1096"},{"taxonomy":"post_tag","embeddable":true,"href":"https:\/\/www.evelyn-sommerhoff.de\/index.php?rest_route=%2Fwp%2Fv2%2Ftags&post=1096"}],"curies":[{"name":"wp","href":"https:\/\/api.w.org\/{rel}","templated":true}]}}