{"id":1221,"date":"2016-05-23T09:58:34","date_gmt":"2016-05-23T08:58:34","guid":{"rendered":"http:\/\/www.evelyn-sommerhoff.de\/?p=1221"},"modified":"2016-06-08T10:46:18","modified_gmt":"2016-06-08T09:46:18","slug":"zitadelle-spandau-bastion-kronprinz-sonntag-5-6-2016-sommerfrische_-reloaded","status":"publish","type":"post","link":"https:\/\/www.evelyn-sommerhoff.de\/?p=1221","title":{"rendered":"Zitadelle Spandau &#8211; Bastion Kronprinz: SOMMERFRISCHE &#8211; SOMMERFRISCHE_ reloaded"},"content":{"rendered":"<p><!-- Link and image removed by Remove First Image Plugin --><img decoding=\"async\" loading=\"lazy\" class=\"aligncenter  wp-image-1230\" src=\"http:\/\/www.evelyn-sommerhoff.de\/blog\/wp-content\/uploads\/2016\/05\/20160605_113454-190x300.jpg\" alt=\"20160605_113454\" width=\"195\" height=\"308\" \/><\/p>\n<p>&nbsp;<\/p>\n<p><span class=\"_4n-j fsl\">Bastion Kronprinz der Zitadelle Spandau<br \/>\n<\/span><\/p>\n<p>Ausstellung:<\/p>\n<p>&nbsp;<\/p>\n<p><span class=\"_4n-j fsl\">SOMMERFRISCHE<br \/>\nBerliner K\u00fcnstler in der K\u00fcnstlerstadt Schieder Schwalenberg 1890-1950<br \/>\nSOMMERFRISCHE_reloaded<br \/>\nZeitgen\u00f6ssische Positionen von K\u00fcnstlern aus dem Verein Berliner K\u00fcnstler:<\/span><\/p>\n<p>&nbsp;<\/p>\n<p><span style=\"color: #00b050; font-family: 'Arial',sans-serif;\">Matthias Koeppel<br \/>\nJu\u0308rgen Tenz<br \/>\nEvelyn Sommerhoff<br \/>\nChristin Lutze<br \/>\nLouis Busman<br \/>\nPeter M\u00f6ller<\/span><\/p>\n<div id=\"attachment_1222\" style=\"width: 253px\" class=\"wp-caption aligncenter\"><a href=\"http:\/\/www.evelyn-sommerhoff.de\/blog\/wp-content\/uploads\/2016\/05\/20160518_161249.jpg\"><img aria-describedby=\"caption-attachment-1222\" decoding=\"async\" loading=\"lazy\" class=\" wp-image-1222\" src=\"http:\/\/www.evelyn-sommerhoff.de\/blog\/wp-content\/uploads\/2016\/05\/20160518_161249-300x235.jpg\" alt=\"weisser mai 2016\" width=\"243\" height=\"190\" srcset=\"https:\/\/www.evelyn-sommerhoff.de\/blog\/wp-content\/uploads\/2016\/05\/20160518_161249-300x235.jpg 300w, https:\/\/www.evelyn-sommerhoff.de\/blog\/wp-content\/uploads\/2016\/05\/20160518_161249-1024x801.jpg 1024w\" sizes=\"(max-width: 243px) 100vw, 243px\" \/><\/a><p id=\"caption-attachment-1222\" class=\"wp-caption-text\">weisser mai 2016<\/p><\/div>\n<p><span style=\"color: #00b050; font-family: 'Arial',sans-serif;\"><br \/>\nKlaus Mollenhauer<br \/>\nHans J\u00fcrgen Gabriel<br \/>\nAndrea Streit<br \/>\nDagmar Diekmann<br \/>\nSusanne Knaack<br \/>\nMichaela Rothe<br \/>\nMarianne Gielen<br \/>\nClaudia Hartwig<br \/>\nSOOKI<br \/>\nRenate Pfrommer <\/span><\/p>\n<p>&nbsp;<\/p>\n","protected":false},"excerpt":{"rendered":"\n&nbsp;\nBastion Kronprinz der Zitadelle Spandau\n\nAusstellung:\n&nbsp;\nSOMMERFRISCHE\nBerliner K\u00fcnstler in der K\u00fcnstlerstadt Schieder Schwalenberg 1890-1950\nSOMMERFRISCHE_reloaded\nZeitgen\u00f6ssische Positionen von K\u00fcnstlern aus dem Verein Berliner K\u00fcnstler:\n&nbsp;\nMatthias Koeppel\nJu\u0308rgen Tenz\nEvelyn Sommerhoff\nChristin Lutze\nLouis Busman\nPeter &hellip;","protected":false},"author":2,"featured_media":0,"comment_status":"open","ping_status":"closed","sticky":false,"template":"","format":"standard","meta":[],"categories":[1],"tags":[],"_links":{"self":[{"href":"https:\/\/www.evelyn-sommerhoff.de\/index.php?rest_route=\/wp\/v2\/posts\/1221"}],"collection":[{"href":"https:\/\/www.evelyn-sommerhoff.de\/index.php?rest_route=\/wp\/v2\/posts"}],"about":[{"href":"https:\/\/www.evelyn-sommerhoff.de\/index.php?rest_route=\/wp\/v2\/types\/post"}],"author":[{"embeddable":true,"href":"https:\/\/www.evelyn-sommerhoff.de\/index.php?rest_route=\/wp\/v2\/users\/2"}],"replies":[{"embeddable":true,"href":"https:\/\/www.evelyn-sommerhoff.de\/index.php?rest_route=%2Fwp%2Fv2%2Fcomments&post=1221"}],"version-history":[{"count":5,"href":"https:\/\/www.evelyn-sommerhoff.de\/index.php?rest_route=\/wp\/v2\/posts\/1221\/revisions"}],"predecessor-version":[{"id":1233,"href":"https:\/\/www.evelyn-sommerhoff.de\/index.php?rest_route=\/wp\/v2\/posts\/1221\/revisions\/1233"}],"wp:attachment":[{"href":"https:\/\/www.evelyn-sommerhoff.de\/index.php?rest_route=%2Fwp%2Fv2%2Fmedia&parent=1221"}],"wp:term":[{"taxonomy":"category","embeddable":true,"href":"https:\/\/www.evelyn-sommerhoff.de\/index.php?rest_route=%2Fwp%2Fv2%2Fcategories&post=1221"},{"taxonomy":"post_tag","embeddable":true,"href":"https:\/\/www.evelyn-sommerhoff.de\/index.php?rest_route=%2Fwp%2Fv2%2Ftags&post=1221"}],"curies":[{"name":"wp","href":"https:\/\/api.w.org\/{rel}","templated":true}]}}