{"id":1682,"date":"2020-10-08T16:57:38","date_gmt":"2020-10-08T15:57:38","guid":{"rendered":"http:\/\/www.evelyn-sommerhoff.de\/?p=1682"},"modified":"2021-04-07T13:20:43","modified_gmt":"2021-04-07T12:20:43","slug":"offenes-atelier-in-motion-forever","status":"publish","type":"post","link":"https:\/\/www.evelyn-sommerhoff.de\/?p=1682","title":{"rendered":"OFFENES ATELIER : IN MOTION FOREVER"},"content":{"rendered":"<p><!-- Link and image removed by Remove First Image Plugin --><\/p>\n<p><span style=\"color: #ff0000;\"><a href=\"http:\/\/www.evelyn-sommerhoff.de\/blog\/wp-content\/uploads\/2020\/10\/in-motion-forever-1-001.jpg\"><img decoding=\"async\" loading=\"lazy\" class=\"aligncenter size-medium wp-image-1683\" src=\"http:\/\/www.evelyn-sommerhoff.de\/blog\/wp-content\/uploads\/2020\/10\/in-motion-forever-1-001-300x259.jpg\" alt=\"in motion forever 1-001\" width=\"300\" height=\"259\" srcset=\"https:\/\/www.evelyn-sommerhoff.de\/blog\/wp-content\/uploads\/2020\/10\/in-motion-forever-1-001-300x259.jpg 300w, https:\/\/www.evelyn-sommerhoff.de\/blog\/wp-content\/uploads\/2020\/10\/in-motion-forever-1-001.jpg 697w\" sizes=\"(max-width: 300px) 100vw, 300px\" \/><\/a><\/span><\/p>\n<div class=\"gmail_attr\"><\/div>\n<div class=\"gmail_attr\"><span style=\"color: #ff0000; font-size: xx-large;\">IN MOTION FOREVER<\/span><\/div>\n<div class=\"gmail_attr\"><\/div>\n<div class=\"gmail_attr\">Liebe Freunde der Kunst !<\/div>\n<div class=\"gmail_attr\"><\/div>\n<div class=\"gmail_attr\">Hiermit erfolgt eine herzliche Einladung zum 21. und 22. August 2021<\/div>\n<div class=\"gmail_attr\">f\u00fcr Sie und Ihre Freunde!<\/div>\n<div class=\"gmail_attr\"><\/div>\n<div class=\"gmail_attr\">Offene R\u00e4ume\u00a0mit viel Kunst erwarten\u00a0Sie als\u00a0G\u00e4ste.<\/div>\n<div class=\"gmail_attr\"><\/div>\n<div class=\"gmail_attr\">Mit herzlichen Gr\u00fcssen<\/div>\n<div class=\"gmail_attr\"><\/div>\n<div class=\"gmail_attr\">&#8230;&#8230;..und ich freue mich auf Sie<\/div>\n<div class=\"gmail_attr\">Evelyn Sommerhoff<\/div>\n<div class=\"gmail_attr\"><\/div>\n<div class=\"gmail_attr\"><span style=\"font-size: large;\">Tag der Offenen Ateliers<\/span><\/div>\n<div dir=\"ltr\">\n<div dir=\"ltr\">\n<p>im Land Brandenburg \/ Teltow Fl\u00e4ming<br \/>\n01. und 02. Mai, jeweils von 11 bis 18 Uhr<\/p>\n<p>Luckenwalde Atelierhaus p2<br \/>\nin der ehemaligen Pianofabrik Niendorf<\/p>\n<div><img decoding=\"async\" loading=\"lazy\" class=\"CToWUd\" src=\"https:\/\/mail.google.com\/mail\/u\/0?ui=2&amp;ik=b62aa128c3&amp;attid=0.0.1&amp;permmsgid=msg-a:r5369459768349543430&amp;th=17508d6ceaa858cf&amp;view=fimg&amp;sz=s0-l75-ft&amp;attbid=ANGjdJ_ZugmRJziFQrX-OIu1M1q6iVUn0VGfMIWLugrUDBwHvpmlIsxP4uCpuCFGmZfKclkCHWu6vAQ0GEc-bpFtZgaPgFrgc0_gIbHPGZzIPVZbOjaPHZIh6yTqips&amp;disp=emb&amp;realattid=ii_kg0yb84k1\" alt=\"image.png\" width=\"262\" height=\"297\" data-image-whitelisted=\"\" \/><\/div>\n<p>Ateliers:<\/p>\n<p>Evelyn Sommerhoff\u00a0<span style=\"color: #ff0000;\"> IN MOTION FOREVER<\/span><br \/>\nAtelierhaus P2, Potsdamer Str. 2, 14943 Luckenwalde,\u00a0 1. OG<br \/>\n<a href=\"mailto:evelyn.sommerhoff@gmail.com\" target=\"_blank\"><span style=\"color: #1155cc;\">evelyn.sommerhoff@gmail.com<\/span><\/a>,<\/p>\n<p><a href=\"http:\/\/www.evelyn-sommerhoff.de\/\" target=\"_blank\" data-saferedirecturl=\"https:\/\/www.google.com\/url?q=http:\/\/www.evelyn-sommerhoff.de&amp;source=gmail&amp;ust=1602257782587000&amp;usg=AFQjCNFH40yRf9VvY05Opi6Hg2Sg6M7V2Q\"><span style=\"color: #1155cc;\">www.evelyn-sommerhoff.de<\/span><\/a>, 0160 7329106<br \/>\nMALEREI, ZEICHNUNG, GRAFIK, INSTALLATION<br \/>\nUschi Niehaus Indenbirken<br \/>\nAtelierhaus P2, Potsdamer Str. 2, 14943 Luckenwalde,\u00a0 2. OG<br \/>\n<a href=\"mailto:mail@uschi-niehaus.de\" target=\"_blank\"><span style=\"color: #1155cc;\">mail@uschi-niehaus.de<\/span><\/a>,<\/p>\n<p><a href=\"http:\/\/www.uschi-niehaus.de\/\" target=\"_blank\" data-saferedirecturl=\"https:\/\/www.google.com\/url?q=http:\/\/www.uschi-niehaus.de&amp;source=gmail&amp;ust=1602257782587000&amp;usg=AFQjCNGi8izfe-UUCVL4f1xvsG4hqm5hFw\"><span style=\"color: #1155cc;\">www.uschi-niehaus.de<\/span><\/a>, 0175 \u2013 773 8464<br \/>\nMALEREI, ZEICHNUNG, FOTOGRAFIE<br \/>\nAlbrecht Noack<br \/>\nAtelierhaus P2, Potsdamer Str. 2, 14943 Luckenwalde, 3. OG<br \/>\n<a href=\"mailto:office@albrecht-noack.com\" target=\"_blank\"><span style=\"color: #1155cc;\">office@albrecht-noack.com<\/span><\/a>,<\/p>\n<p><a href=\"http:\/\/www.albrecht-noack.com\/\" target=\"_blank\" data-saferedirecturl=\"https:\/\/www.google.com\/url?q=http:\/\/www.albrecht-noack.com&amp;source=gmail&amp;ust=1602257782587000&amp;usg=AFQjCNFdVeN_gvTu8aOy2Tc5ytYXI0z3jA\"><span style=\"color: #1155cc;\">www.albrecht-noack.com<\/span><\/a>, 0162 7306379<br \/>\nFOTOGRAFIE<\/p>\n<p>Gabriele Worgitzki<br \/>\nAtelierhaus P2, Potsdamer Str. 2, 14943 Luckenwalde, 3. OG <a href=\"mailto:info@worgitzki.com\" target=\"_blank\"><span style=\"color: #1155cc;\">info@worgitzki.com<\/span><\/a>,<\/p>\n<p><a href=\"http:\/\/www.worgitzki.com\/\" target=\"_blank\" data-saferedirecturl=\"https:\/\/www.google.com\/url?q=http:\/\/www.worgitzki.com&amp;source=gmail&amp;ust=1602257782587000&amp;usg=AFQjCNEK8LX60Q41T7S3HafX3uMgTy5bKA\"><span style=\"color: #1155cc;\">www.worgitzki.com<\/span><\/a><br \/>\nMALEREI, ZEICHNUNG<\/p>\n<p>&nbsp;<\/p>\n<p>&nbsp;<\/p>\n<p>Exklusive Einblicke in k\u00fcnstlerische Entstehungsprozesse und -r\u00e4ume sowie die M\u00f6glichkeit, in den<br \/>\ndirekten Austausch mit lokalen Bildenden K\u00fcnstlerinnen und K\u00fcnstlern zu kommen, stehen im Fokus des<br \/>\nTages der Offenen Ateliers im Land Brandenburg.<br \/>\nWir freuen und auf Ihren Besuch!<\/p>\n<p>*Die Hygieneregeln werden eingehalten<\/p>\n<\/div>\n<\/div>\n","protected":false},"excerpt":{"rendered":"\n\n\nIN MOTION FOREVER\n\nLiebe Freunde der Kunst !\n\nHiermit erfolgt eine herzliche Einladung zum 21. und 22. August 2021\nf\u00fcr Sie und Ihre Freunde!\n\nOffene R\u00e4ume\u00a0mit viel Kunst erwarten\u00a0Sie &hellip;","protected":false},"author":2,"featured_media":0,"comment_status":"open","ping_status":"closed","sticky":false,"template":"","format":"standard","meta":[],"categories":[1],"tags":[],"_links":{"self":[{"href":"https:\/\/www.evelyn-sommerhoff.de\/index.php?rest_route=\/wp\/v2\/posts\/1682"}],"collection":[{"href":"https:\/\/www.evelyn-sommerhoff.de\/index.php?rest_route=\/wp\/v2\/posts"}],"about":[{"href":"https:\/\/www.evelyn-sommerhoff.de\/index.php?rest_route=\/wp\/v2\/types\/post"}],"author":[{"embeddable":true,"href":"https:\/\/www.evelyn-sommerhoff.de\/index.php?rest_route=\/wp\/v2\/users\/2"}],"replies":[{"embeddable":true,"href":"https:\/\/www.evelyn-sommerhoff.de\/index.php?rest_route=%2Fwp%2Fv2%2Fcomments&post=1682"}],"version-history":[{"count":8,"href":"https:\/\/www.evelyn-sommerhoff.de\/index.php?rest_route=\/wp\/v2\/posts\/1682\/revisions"}],"predecessor-version":[{"id":1701,"href":"https:\/\/www.evelyn-sommerhoff.de\/index.php?rest_route=\/wp\/v2\/posts\/1682\/revisions\/1701"}],"wp:attachment":[{"href":"https:\/\/www.evelyn-sommerhoff.de\/index.php?rest_route=%2Fwp%2Fv2%2Fmedia&parent=1682"}],"wp:term":[{"taxonomy":"category","embeddable":true,"href":"https:\/\/www.evelyn-sommerhoff.de\/index.php?rest_route=%2Fwp%2Fv2%2Fcategories&post=1682"},{"taxonomy":"post_tag","embeddable":true,"href":"https:\/\/www.evelyn-sommerhoff.de\/index.php?rest_route=%2Fwp%2Fv2%2Ftags&post=1682"}],"curies":[{"name":"wp","href":"https:\/\/api.w.org\/{rel}","templated":true}]}}