{"id":1866,"date":"2023-07-27T09:47:28","date_gmt":"2023-07-27T08:47:28","guid":{"rendered":"http:\/\/www.evelyn-sommerhoff.de\/?p=1866"},"modified":"2023-07-27T10:11:21","modified_gmt":"2023-07-27T09:11:21","slug":"schoene-welt","status":"publish","type":"post","link":"https:\/\/www.evelyn-sommerhoff.de\/?p=1866","title":{"rendered":"SCH\u00d6NE WELT"},"content":{"rendered":"<p>&nbsp;<\/p>\n<p><a href=\"http:\/\/www.evelyn-sommerhoff.de\/blog\/wp-content\/uploads\/2023\/07\/IMG_20180911_154244_203.jpg\"><img decoding=\"async\" loading=\"lazy\" class=\"aligncenter size-large wp-image-1867\" src=\"http:\/\/www.evelyn-sommerhoff.de\/blog\/wp-content\/uploads\/2023\/07\/IMG_20180911_154244_203-1024x699.jpg\" alt=\"IMG_20180911_154244_203\" width=\"800\" height=\"546\" srcset=\"https:\/\/www.evelyn-sommerhoff.de\/blog\/wp-content\/uploads\/2023\/07\/IMG_20180911_154244_203-1024x699.jpg 1024w, https:\/\/www.evelyn-sommerhoff.de\/blog\/wp-content\/uploads\/2023\/07\/IMG_20180911_154244_203-300x205.jpg 300w\" sizes=\"(max-width: 800px) 100vw, 800px\" \/><\/a><\/p>\n<p>&nbsp;<\/p>\n<p>&nbsp;<\/p>\n<p>SCH\u00d6NE WELT<\/p>\n<p>Ausstellungser\u00f6ffnung am 12.08.2023\u00a0 um 19.00<\/p>\n<p>Galerie F200<\/p>\n<p>Friedrichstrasse 200 in Berlin<\/p>\n<p>70 chinesische K\u00fcnstlerinnen und 7 deutsche K\u00fcnstlerinnen zeigen ihre sch\u00f6ne Welt in einer gemeinsamen Ausstellung<\/p>\n","protected":false},"excerpt":{"rendered":"&nbsp;\n\n&nbsp;\n&nbsp;\nSCH\u00d6NE WELT\nAusstellungser\u00f6ffnung am 12.08.2023\u00a0 um 19.00\nGalerie F200\nFriedrichstrasse 200 in Berlin\n70 chinesische K\u00fcnstlerinnen und 7 deutsche K\u00fcnstlerinnen zeigen ihre sch\u00f6ne Welt in einer gemeinsamen Ausstellung\n","protected":false},"author":2,"featured_media":0,"comment_status":"open","ping_status":"closed","sticky":false,"template":"","format":"standard","meta":[],"categories":[1],"tags":[],"_links":{"self":[{"href":"https:\/\/www.evelyn-sommerhoff.de\/index.php?rest_route=\/wp\/v2\/posts\/1866"}],"collection":[{"href":"https:\/\/www.evelyn-sommerhoff.de\/index.php?rest_route=\/wp\/v2\/posts"}],"about":[{"href":"https:\/\/www.evelyn-sommerhoff.de\/index.php?rest_route=\/wp\/v2\/types\/post"}],"author":[{"embeddable":true,"href":"https:\/\/www.evelyn-sommerhoff.de\/index.php?rest_route=\/wp\/v2\/users\/2"}],"replies":[{"embeddable":true,"href":"https:\/\/www.evelyn-sommerhoff.de\/index.php?rest_route=%2Fwp%2Fv2%2Fcomments&post=1866"}],"version-history":[{"count":3,"href":"https:\/\/www.evelyn-sommerhoff.de\/index.php?rest_route=\/wp\/v2\/posts\/1866\/revisions"}],"predecessor-version":[{"id":1872,"href":"https:\/\/www.evelyn-sommerhoff.de\/index.php?rest_route=\/wp\/v2\/posts\/1866\/revisions\/1872"}],"wp:attachment":[{"href":"https:\/\/www.evelyn-sommerhoff.de\/index.php?rest_route=%2Fwp%2Fv2%2Fmedia&parent=1866"}],"wp:term":[{"taxonomy":"category","embeddable":true,"href":"https:\/\/www.evelyn-sommerhoff.de\/index.php?rest_route=%2Fwp%2Fv2%2Fcategories&post=1866"},{"taxonomy":"post_tag","embeddable":true,"href":"https:\/\/www.evelyn-sommerhoff.de\/index.php?rest_route=%2Fwp%2Fv2%2Ftags&post=1866"}],"curies":[{"name":"wp","href":"https:\/\/api.w.org\/{rel}","templated":true}]}}