{"id":266,"date":"2011-10-19T16:29:21","date_gmt":"2011-10-19T15:29:21","guid":{"rendered":"http:\/\/www.evelyn-sommerhoff.de\/?p=266"},"modified":"2011-10-21T10:35:26","modified_gmt":"2011-10-21T09:35:26","slug":"einzelausstellung-galerie-cornelissen-wiesbaden-sept-2011","status":"publish","type":"post","link":"https:\/\/www.evelyn-sommerhoff.de\/?p=266","title":{"rendered":"Einzelausstellung Galerie Cornelissen Wiesbaden Sept. 2011"},"content":{"rendered":"<p>Alles rot bei Cornelissen<\/p>\n<p>27.09.2011 &#8211; WIESBADEN<\/p>\n<p>(fi). Als Galeristin ist Andrea Cornelissen inzwischen an drei Orten aktiv. Was nach Tanz auf vielen Hochzeiten klingt, dient tats\u00e4chlich der Profilsch\u00e4rfung. Ihr Schlangenbader Privathaus, wo ihre Galeriet\u00e4tigkeit vor langer Zeit begann, will sie f\u00fcr exklusive Events mit klingenden Namen nutzen und streng limitierte Auflagenkunst etwa von Thomas Sch\u00fctte oder Raymond Pettibon zeigen. In der Schlangenbader Caf\u00e9halle betreibt sie Nachwuchsf\u00f6rderung, w\u00e4hrend sie das Programm, das man bisher mit ihrem Namen verbunden hat, im Wiesbadener Auktionshaus Rippon Boswell einen neuen Ort hat: Berliner Seelenverwandte der einst jungen Wilden.<\/p>\n<p>Akte und Tanzszenen<\/p>\n<p>Auf Reinhard Stangl, der in der gro\u00dfz\u00fcgigen Altbau-Etage den Aufktakt machte, folgt nun Evelyn Sommerhoff. Das \u201eWilde\u201c in ihren der k\u00f6rperlichen Bewegung nachsp\u00fcrenden Aktstudien und Tanzszenen wurzelt aber nicht in einer sich abstrakten Str\u00f6mungen widersetzenden Haltung, wie sie im deutschen Westen der 80er Jahre angesagt war. Vielmehr hat es eher damit zu tun, dass die 1953 in Potsdam Geborene im Osten der damals noch geteilten Republik ausgebildet wurde. An Figur und Gegenstand f\u00fchrte dort kein Weg vorbei &#8211; was f\u00fcr Maler der Neuen Leipziger Schule sp\u00e4ter zur Grundlage ihres Erfolges wurde.<\/p>\n<p>Alles in Sommerhoffs Bildern ist Leidenschaft. Unverbl\u00fcmt artikuliert in energischen Schw\u00fcngen und loderndem Rot, das die Exponate dominiert und man als Symbol f\u00fcr Feuer, Blut oder Liebe lesen kann. Dass die K\u00fcnstlerin nun gro\u00dfe R\u00e4ume mit Bildern aus den vergangenen drei Jahren f\u00fcllen kann, zeugt von hoher Produktivit\u00e4t, die angesichts der aufw\u00e4ndigen, von Experimentierfreude zeugenden Technik umso mehr beeindruckt. Sommerhoff verleimt mehrere fragile Tusch-Zeichnungen auf Pergament- oder Japanpapier zu einer einzigen, durch Falten und \u00dcberlagerungen in sich bewegten Schicht. Deutlich bekennt sie sich zur Tradition klassischer Zeichnung. Von Leonardo und den zu dessen Zeit bevorzugten biblischen und mythologischen Motiven inspirierte Bilder sprechen eine unmissverst\u00e4ndliche Sprache.<\/p>\n","protected":false},"excerpt":{"rendered":"Alles rot bei Cornelissen\n27.09.2011 &#8211; WIESBADEN\n(fi). Als Galeristin ist Andrea Cornelissen inzwischen an drei Orten aktiv. Was nach Tanz auf vielen Hochzeiten klingt, dient tats\u00e4chlich &hellip;","protected":false},"author":2,"featured_media":0,"comment_status":"open","ping_status":"closed","sticky":false,"template":"","format":"standard","meta":[],"categories":[1],"tags":[],"_links":{"self":[{"href":"https:\/\/www.evelyn-sommerhoff.de\/index.php?rest_route=\/wp\/v2\/posts\/266"}],"collection":[{"href":"https:\/\/www.evelyn-sommerhoff.de\/index.php?rest_route=\/wp\/v2\/posts"}],"about":[{"href":"https:\/\/www.evelyn-sommerhoff.de\/index.php?rest_route=\/wp\/v2\/types\/post"}],"author":[{"embeddable":true,"href":"https:\/\/www.evelyn-sommerhoff.de\/index.php?rest_route=\/wp\/v2\/users\/2"}],"replies":[{"embeddable":true,"href":"https:\/\/www.evelyn-sommerhoff.de\/index.php?rest_route=%2Fwp%2Fv2%2Fcomments&post=266"}],"version-history":[{"count":3,"href":"https:\/\/www.evelyn-sommerhoff.de\/index.php?rest_route=\/wp\/v2\/posts\/266\/revisions"}],"predecessor-version":[{"id":289,"href":"https:\/\/www.evelyn-sommerhoff.de\/index.php?rest_route=\/wp\/v2\/posts\/266\/revisions\/289"}],"wp:attachment":[{"href":"https:\/\/www.evelyn-sommerhoff.de\/index.php?rest_route=%2Fwp%2Fv2%2Fmedia&parent=266"}],"wp:term":[{"taxonomy":"category","embeddable":true,"href":"https:\/\/www.evelyn-sommerhoff.de\/index.php?rest_route=%2Fwp%2Fv2%2Fcategories&post=266"},{"taxonomy":"post_tag","embeddable":true,"href":"https:\/\/www.evelyn-sommerhoff.de\/index.php?rest_route=%2Fwp%2Fv2%2Ftags&post=266"}],"curies":[{"name":"wp","href":"https:\/\/api.w.org\/{rel}","templated":true}]}}