{"id":310,"date":"2011-11-14T11:37:54","date_gmt":"2011-11-14T10:37:54","guid":{"rendered":"http:\/\/www.evelyn-sommerhoff.de\/?p=310"},"modified":"2011-11-18T17:35:52","modified_gmt":"2011-11-18T16:35:52","slug":"stiftung-starke","status":"publish","type":"post","link":"https:\/\/www.evelyn-sommerhoff.de\/?p=310","title":{"rendered":"STIFTUNG STARKE"},"content":{"rendered":"<h6 style=\"text-align: center;\">WEIHNACHTSAUSSTELLUNG STIFTUNG STARKE<br \/>\n25.11.2011-13.01.2012<br \/>\n19:00 Uhr<br \/>\nWeihnachtsausstellung &#8211; K\u00fcnstler der Stiftung Starke<br \/>\nFotografien, Installationen und Gem\u00e4lde von internationalen K\u00fcnstlern<\/p>\n<p>Wie jedes Jahr, veranstaltet die Stiftung Starke auch 2011 ihre gro\u00dfe Weihnachtsausstellung gemeinsam mit ihren K\u00fcnstlern.<br \/>\nDer kunstinteressierte Besucher erh\u00e4lt einen \u00dcberblick \u00fcber die  verschiedensten Kunstrichtungen, ob Minimalismus, Photographie,  Konzeptkunst, Gegenst\u00e4ndliche Kunst oder Video.<\/p>\n<p>\u00d6ffnungszeiten: Montag bis Donnerstag von 10:00 Uhr bis 18:00 Uhr, Freitag bis 16.00 Uhr, sonst nach Vereinbarung<\/p>\n<p style=\"text-align: center;\"><a href=\"http:\/\/www.evelyn-sommerhoff.de\/blog\/wp-content\/uploads\/2011\/11\/IMG_00652.jpg\"><img decoding=\"async\" loading=\"lazy\" class=\"size-large wp-image-320 aligncenter\" title=\"TRIADE 2011 (Detail)\" src=\"http:\/\/www.evelyn-sommerhoff.de\/blog\/wp-content\/uploads\/2011\/11\/IMG_00652-766x1024.jpg\" alt=\"\" width=\"460\" height=\"614\" srcset=\"https:\/\/www.evelyn-sommerhoff.de\/blog\/wp-content\/uploads\/2011\/11\/IMG_00652-766x1024.jpg 766w, https:\/\/www.evelyn-sommerhoff.de\/blog\/wp-content\/uploads\/2011\/11\/IMG_00652-224x300.jpg 224w, https:\/\/www.evelyn-sommerhoff.de\/blog\/wp-content\/uploads\/2011\/11\/IMG_00652.jpg 1526w\" sizes=\"(max-width: 460px) 100vw, 460px\" \/><\/a><\/p>\n<p>L\u00f6wenpalais, Koenigsallee 30 \u2013 32, 14193 Berlin<br \/>\nTel. f\u00fcr R\u00fcckfragen: + 49 (o3o) 825 76 85<br \/>\nFax: + 49 (030) 825 87 34<\/p>\n<p>Email: info@stiftungstarke.de<br \/>\nInternet: <a rel=\"nofollow nofollow\" href=\"http:\/\/www.stiftungstarke.de\/\" target=\"_blank\">www.stiftungstarke.de<\/a><br \/>\nBUS M19 Haltestelle Hasensprung, S7 Haltestelle Grunewald<\/h6>\n","protected":false},"excerpt":{"rendered":"WEIHNACHTSAUSSTELLUNG STIFTUNG STARKE\n25.11.2011-13.01.2012\n19:00 Uhr\nWeihnachtsausstellung &#8211; K\u00fcnstler der Stiftung Starke\nFotografien, Installationen und Gem\u00e4lde von internationalen K\u00fcnstlern\nWie jedes Jahr, veranstaltet die Stiftung Starke auch 2011 ihre gro\u00dfe &hellip;","protected":false},"author":2,"featured_media":0,"comment_status":"open","ping_status":"closed","sticky":false,"template":"","format":"standard","meta":[],"categories":[1],"tags":[],"_links":{"self":[{"href":"https:\/\/www.evelyn-sommerhoff.de\/index.php?rest_route=\/wp\/v2\/posts\/310"}],"collection":[{"href":"https:\/\/www.evelyn-sommerhoff.de\/index.php?rest_route=\/wp\/v2\/posts"}],"about":[{"href":"https:\/\/www.evelyn-sommerhoff.de\/index.php?rest_route=\/wp\/v2\/types\/post"}],"author":[{"embeddable":true,"href":"https:\/\/www.evelyn-sommerhoff.de\/index.php?rest_route=\/wp\/v2\/users\/2"}],"replies":[{"embeddable":true,"href":"https:\/\/www.evelyn-sommerhoff.de\/index.php?rest_route=%2Fwp%2Fv2%2Fcomments&post=310"}],"version-history":[{"count":4,"href":"https:\/\/www.evelyn-sommerhoff.de\/index.php?rest_route=\/wp\/v2\/posts\/310\/revisions"}],"predecessor-version":[{"id":317,"href":"https:\/\/www.evelyn-sommerhoff.de\/index.php?rest_route=\/wp\/v2\/posts\/310\/revisions\/317"}],"wp:attachment":[{"href":"https:\/\/www.evelyn-sommerhoff.de\/index.php?rest_route=%2Fwp%2Fv2%2Fmedia&parent=310"}],"wp:term":[{"taxonomy":"category","embeddable":true,"href":"https:\/\/www.evelyn-sommerhoff.de\/index.php?rest_route=%2Fwp%2Fv2%2Fcategories&post=310"},{"taxonomy":"post_tag","embeddable":true,"href":"https:\/\/www.evelyn-sommerhoff.de\/index.php?rest_route=%2Fwp%2Fv2%2Ftags&post=310"}],"curies":[{"name":"wp","href":"https:\/\/api.w.org\/{rel}","templated":true}]}}