{"id":349,"date":"2012-03-06T13:22:45","date_gmt":"2012-03-06T12:22:45","guid":{"rendered":"http:\/\/www.evelyn-sommerhoff.de\/?p=349"},"modified":"2012-03-06T13:34:02","modified_gmt":"2012-03-06T12:34:02","slug":"fruhlingsdelirium","status":"publish","type":"post","link":"https:\/\/www.evelyn-sommerhoff.de\/?p=349","title":{"rendered":"FR\u00dcHLINGSDELIRIUM"},"content":{"rendered":"<div>\n<div>\n<h2><span style=\"color: #00ff00;\"><strong>FR\u00dcHLINGSDELIRIUM<\/strong><\/span><\/h2>\n<\/div>\n<table cellspacing=\"0\" cellpadding=\"0\" width=\"100%\">\n<tbody>\n<tr valign=\"top\">\n<td>\n<div>\n<h2><span style=\"color: #00ff00;\"><strong>Freitag,<br \/>\n16.03.2012<\/strong><\/span><\/h2>\n<\/div>\n<div>\n<h2><span style=\"color: #00ff00;\"><strong>19:00 Uhr bis 21:00 Uhr<\/strong><\/span><\/h2>\n<\/div>\n<div>\n<h2><span style=\"color: #00ff00;\"><strong>D 14467 Potsdam<\/strong><\/span><\/h2>\n<\/div>\n<div>\n<h2><span style=\"color: #00ff00;\"><strong>Galerie<br \/>\nH.-Elfleinstr. 18<\/strong><\/span><\/h2>\n<\/div>\n<\/td>\n<td>\n<div>\n<h2><span style=\"color: #00ff00;\"><strong>FR\u00dcHLINGSDELIRIUM<\/strong><\/span><\/h2>\n<\/div>\n<div>\n<h2><span style=\"color: #00ff00;\"><strong><strong>FR\u00dcHLINGSDELIRIUM <\/strong>&#8230;aus der Spur geraten, ein wenig verr\u00fcckt werden, wenn es pl\u00f6tzlich wieder \u00a0 kreucht und fleucht und knospt und sprosst.<strong> 10 Fr\u00fchbl\u00fcher<\/strong> wie\u00a0 Heike Adner, Jan Beumelburg, Arno Bojak, Bj\u00f6rn D\u00e4mpfling, Beret  Hamann, Marlis Konrad, Patricia Kranz-Schraven, Lothar Krone, Anja  Isabel Schnapka, Evelyn Sommerhoff erwarten sie mit\u00a0 ihren\u00a0  Metamorphosen einer floral-erotischen Wunderwelt.<br \/>\nMi + Fr 15-19 Uhr\u00a0\u00a0 Sa\u00a0 12- 16 Uhr\u00a0 bis 28. April 2012 Vernissage:\u00a0 16.3. 19Uhr mit Jazz von &#8222;New Orleans Caliente&#8220;<\/strong><\/span><\/h2>\n<\/div>\n<div>\n<h2><span style=\"color: #00ff00;\"><strong><br \/>\n<\/strong><\/span><\/h2>\n<\/div>\n<div>\n<h2><span style=\"color: #00ff00;\"><strong>Veranstalter: a | e GALERIE angelika euchner<\/strong><\/span><\/h2>\n<\/div>\n<\/td>\n<\/tr>\n<\/tbody>\n<\/table>\n<\/div>\n<h2><span style=\"color: #00ff00;\"><strong> <\/strong><\/span><\/h2>\n<table cellspacing=\"0\" cellpadding=\"0\" width=\"100%\">\n<tbody>\n<tr valign=\"top\">\n<td>\n<h2><span style=\"color: #00ff00;\"><strong><\/strong><\/span><\/h2>\n<\/td>\n<td><\/td>\n<\/tr>\n<\/tbody>\n<\/table>\n","protected":false},"excerpt":{"rendered":"FR\u00dcHLINGSDELIRIUM\r\nFreitag,\r\n16.03.2012\r\n19:00 Uhr bis 21:00 Uhr\r\nD 14467 Potsdam\r\nGalerie\r\nH.-Elfleinstr. 18\r\n\t\r\nFR\u00dcHLINGSDELIRIUM\r\nFR\u00dcHLINGSDELIRIUM  &#8230;aus der Spur geraten, ein wenig verr\u00fcckt werden, wenn es pl\u00f6tzlich wieder   kreucht und fleucht und knospt und sprosst. 10 Fr\u00fchbl\u00fcher wie  Heike Adner, Jan Beumelburg, Arno Bojak, Bj\u00f6rn D\u00e4mpfling, Beret Hamann, Marlis Konrad, Patricia Kranz-Schraven, Lothar Krone, Anja Isabel Schnapka, Evelyn Sommerhoff erwarten sie mit  ihren  Metamorphosen einer floral-erotischen Wunderwelt.\r\nMi + Fr 15-19 Uhr   Sa  12- 16 Uhr  bis 28. April 2012 Vernissage:  16.3. 19Uhr mit Jazz von &#8222;New Orleans Caliente&#8220;\r\nEintritt: frei\r\nVeranstalter: a | e GALERIE angelika euchner","protected":false},"author":2,"featured_media":0,"comment_status":"open","ping_status":"closed","sticky":false,"template":"","format":"standard","meta":[],"categories":[3],"tags":[],"_links":{"self":[{"href":"https:\/\/www.evelyn-sommerhoff.de\/index.php?rest_route=\/wp\/v2\/posts\/349"}],"collection":[{"href":"https:\/\/www.evelyn-sommerhoff.de\/index.php?rest_route=\/wp\/v2\/posts"}],"about":[{"href":"https:\/\/www.evelyn-sommerhoff.de\/index.php?rest_route=\/wp\/v2\/types\/post"}],"author":[{"embeddable":true,"href":"https:\/\/www.evelyn-sommerhoff.de\/index.php?rest_route=\/wp\/v2\/users\/2"}],"replies":[{"embeddable":true,"href":"https:\/\/www.evelyn-sommerhoff.de\/index.php?rest_route=%2Fwp%2Fv2%2Fcomments&post=349"}],"version-history":[{"count":5,"href":"https:\/\/www.evelyn-sommerhoff.de\/index.php?rest_route=\/wp\/v2\/posts\/349\/revisions"}],"predecessor-version":[{"id":355,"href":"https:\/\/www.evelyn-sommerhoff.de\/index.php?rest_route=\/wp\/v2\/posts\/349\/revisions\/355"}],"wp:attachment":[{"href":"https:\/\/www.evelyn-sommerhoff.de\/index.php?rest_route=%2Fwp%2Fv2%2Fmedia&parent=349"}],"wp:term":[{"taxonomy":"category","embeddable":true,"href":"https:\/\/www.evelyn-sommerhoff.de\/index.php?rest_route=%2Fwp%2Fv2%2Fcategories&post=349"},{"taxonomy":"post_tag","embeddable":true,"href":"https:\/\/www.evelyn-sommerhoff.de\/index.php?rest_route=%2Fwp%2Fv2%2Ftags&post=349"}],"curies":[{"name":"wp","href":"https:\/\/api.w.org\/{rel}","templated":true}]}}