{"id":415,"date":"2012-05-30T15:27:44","date_gmt":"2012-05-30T14:27:44","guid":{"rendered":"http:\/\/www.evelyn-sommerhoff.de\/?p=415"},"modified":"2012-09-19T23:33:17","modified_gmt":"2012-09-19T22:33:17","slug":"creation-in-art","status":"publish","type":"post","link":"https:\/\/www.evelyn-sommerhoff.de\/?p=415","title":{"rendered":"Creation in Art"},"content":{"rendered":"<h3>Berlin &#8211; Korea 2012 \/ Creation in Art<\/h3>\n<h4>Revolt of earth<\/h4>\n<p>Return\u00b7Recovery\u00b7Meeting<\/p>\n<p>Patron: Dr. Christian Hanke, Bezirksb\u00fcrgermeister Mitte von Berlin<\/p>\n<p>An exhibition projekt about the meeting between the Korean state artists association, the Berlin artists association and the GEDOK Brandenburg.<\/p>\n<p>Artists<br \/>\n20 Artists from BERLIN and BRANDENBURG, 60 Artists from aus KOREA<\/p>\n<p>7. -22. June 2012:<br \/>\nURANIA<\/p>\n<p>8. -21. June 2012:<br \/>\nKOREANISCHES KULTURZENTRUM, Kulturabteilung der Botschaft der Republik Korea<\/p>\n<p>9. -23. June 2012:<br \/>\nGALERIE SPANDOW<\/p>\n<h4>URANIA<\/h4>\n<p>Opening 7. June 2012, 19h00<\/p>\n<p>Greeting<br \/>\nDr. Sylvia Falke, Fachbereichsleiterin URANIA Berlin Min Ja Ryu , Pr\u00e4sidentin des Hangukhwa K\u00fcnstlerinnenvereins in Korea Eon- Wook Heo , Minister der Botschaft der Republik Korea Dr. Christian Hanke, Schirmherr, Bezirksb\u00fcrgermeister Mitte von Berlin<\/p>\n<p>Introduction<br \/>\nSOOKI, Verein Berliner K\u00fcnstler, Projektleitung und Kuratorin<\/p>\n<p>Programm<br \/>\nPerformance Kaya Ensemble<\/p>\n<p>Duration 8.6. &#8211; 22.6.2012<br \/>\nOpening hours Mo. &#8211; Fr., 14.30 &#8211; 21<br \/>\nAdress An der Urania 17, 10787 Berlin<br \/>\n<a href=\"http:\/\/www.urania.de\/\" target=\"blank\">www.urania.de<\/a><\/p>\n<h4>Koreanisches Kulturzentrum, Kulturabteilung der Botschaft der Republik Korea<\/h4>\n<p>Opening 8. Juni 2012, 19 Uhr<\/p>\n<p>Greeting<br \/>\nJong Seok Yun, Gesandter Botschaftsrat, Leiter des Koreanischen Kulturzentrums Min Ja Ryu , Pr\u00e4sidentin des Hangukhwa K\u00fcnstlerinnenvereins in Korea Dr. Christian Hanke, Schirmherr, Bezirksb\u00fcrgermeister Mitte von Berlin<\/p>\n<p>Introduction<br \/>\nSOOKI, Verein Berliner K\u00fcnstler, Projektleitung und Kuratorin<\/p>\n<p>Programm<br \/>\nPerformance Kaya Ensemble<\/p>\n<p>Duration 9.6. &#8211; 21.6.2012<br \/>\nOpening hours Mo. &#8211; Fr. 9 &#8211; 17 Uhr, Sa. 10 &#8211; 15 Uhr<br \/>\nAdress Leipziger Platz 3, 10117 Berlin<br \/>\n<a href=\"http:\/\/www.kulturkorea.de\/\" target=\"blank\">www.kulturkorea.de<\/a><\/p>\n<h4>Galerie Spandow<\/h4>\n<p>Opening 9. 6. 2012, 16 Uhr<\/p>\n<p>Greeting<br \/>\nKatrin Germershausen, Galerie Spandow Min Ja Ryu , Pr\u00e4sidentin des Hangukhwa K\u00fcnstlerinnenvereins in Korea Jong Seok Yun, Gesandter Botschaftsrat, Leiter des Koreanischen Kulturzentrums Helmut Kleebank, Bezirksb\u00fcrgermeister von Berlin-Spandau<\/p>\n<p>Introduction<br \/>\nSOOKI, Verein Berliner K\u00fcnstler, Projektleitung und Kuratorin<\/p>\n<p>Programm<br \/>\nKorean festival with traditional dancing of the Kaya Ensembles  and culinary  specialties from Korea<\/p>\n<p>Duration 11. 6. &#8211; 23. 6. 2012<br \/>\nOpening hours Mo. &#8211; Mi. 10- 19 Uhr, Do. &#8211; Fr. 10 &#8211; 20 Uhr, Sa. 10 &#8211; 16 Uhr<br \/>\nAdress Fischerstr. 28, 13597 Berlin &#8211; Spandau<br \/>\n<a href=\"http:\/\/www.galerie-spandow.de\/\" target=\"blank\">www.galerie-spandow.de<\/a><\/p>\n<h4>ARTISTS<\/h4>\n<p>60 ARTISTS FROM KOREA<br \/>\nBona Koo, Kyoungia Kim, Guijoo Kim, Bomi Kim, Sungsil Kim, Sunghee Kim,  Sookkyoung Kim, Shinhyeon Kim, Shinhye Kim, Wonkyoung Kim, Yoonsoon Kim,  Jihyeon Kim, Jina Kim, Chunok Kim, Hyejin Kim, Heejin Kim, Schinkyoung Rho, Minja  Ryu, Yejin Ma, Soondeuk Bae, Sunhee Park, Soyoung Park, Soyoung Park,  Soonjin Park, Jeongyoung Park, Philhyeon Park, Yeonjoo Park, Jeongwan Seo, Eeeok Son, Keunyoung  Song, Sooryeon Song, Changae Song, Yehywan Ahn, Soonhee Oh, Youngae Oh,  Jaeyeon Woo, Miseon Ryu, Jeongrei Ryun, Minjoo Lee, Sungah Lee, Sookjin Lee, Soonae  Lee, Seongsook Lee, Eungkyoung Lee, Insil Lee, Hangsoon Lee, Heejeong  Lee, Moonkyung Jeong, Hyeonhee Jeong, Myeongsik Cho, Eunryeong Cho, Minsook Joo,  Yangjee Tark, Yeonsoo Ha, Youngok Han, Soonok Ham, Soonjoo Hong,  Yoonkyoung Hwang<\/p>\n<p>20 ARTISTS FROM BERLIN AND BRANDENBURG<br \/>\nJutta Barth, Anna v. Bassen, Gerda Berger, Christine D\u00fcwel (GEDOK  Brandenburg), Marianne Gielen, Marilyn Green, Claudia Hartwig, Susanne Knaack, Simone Kornfeld, Ina Lindemann,  Angelika Schneider von Maydell, Helga Ntephe, Siegrid M\u00fcller-Holtz,  N\u00e4nzi, Nele Probst, Regina Roskoden, Michaela Rothe, Sabine Schneider, Evelyn Sommerhoff,  SOOKI.<\/p>\n","protected":false},"excerpt":{"rendered":"Berlin &#8211; Korea 2012 \/ Creation in Art\nRevolt of earth\nReturn\u00b7Recovery\u00b7Meeting\nPatron: Dr. Christian Hanke, Bezirksb\u00fcrgermeister Mitte von Berlin\nAn exhibition projekt about the meeting between the Korean &hellip;","protected":false},"author":2,"featured_media":0,"comment_status":"open","ping_status":"closed","sticky":false,"template":"","format":"standard","meta":[],"categories":[1],"tags":[],"_links":{"self":[{"href":"https:\/\/www.evelyn-sommerhoff.de\/index.php?rest_route=\/wp\/v2\/posts\/415"}],"collection":[{"href":"https:\/\/www.evelyn-sommerhoff.de\/index.php?rest_route=\/wp\/v2\/posts"}],"about":[{"href":"https:\/\/www.evelyn-sommerhoff.de\/index.php?rest_route=\/wp\/v2\/types\/post"}],"author":[{"embeddable":true,"href":"https:\/\/www.evelyn-sommerhoff.de\/index.php?rest_route=\/wp\/v2\/users\/2"}],"replies":[{"embeddable":true,"href":"https:\/\/www.evelyn-sommerhoff.de\/index.php?rest_route=%2Fwp%2Fv2%2Fcomments&post=415"}],"version-history":[{"count":5,"href":"https:\/\/www.evelyn-sommerhoff.de\/index.php?rest_route=\/wp\/v2\/posts\/415\/revisions"}],"predecessor-version":[{"id":466,"href":"https:\/\/www.evelyn-sommerhoff.de\/index.php?rest_route=\/wp\/v2\/posts\/415\/revisions\/466"}],"wp:attachment":[{"href":"https:\/\/www.evelyn-sommerhoff.de\/index.php?rest_route=%2Fwp%2Fv2%2Fmedia&parent=415"}],"wp:term":[{"taxonomy":"category","embeddable":true,"href":"https:\/\/www.evelyn-sommerhoff.de\/index.php?rest_route=%2Fwp%2Fv2%2Fcategories&post=415"},{"taxonomy":"post_tag","embeddable":true,"href":"https:\/\/www.evelyn-sommerhoff.de\/index.php?rest_route=%2Fwp%2Fv2%2Ftags&post=415"}],"curies":[{"name":"wp","href":"https:\/\/api.w.org\/{rel}","templated":true}]}}