{"id":456,"date":"2012-09-12T10:39:16","date_gmt":"2012-09-12T09:39:16","guid":{"rendered":"http:\/\/www.evelyn-sommerhoff.de\/?p=456"},"modified":"2012-09-12T10:46:13","modified_gmt":"2012-09-12T09:46:13","slug":"456","status":"publish","type":"post","link":"https:\/\/www.evelyn-sommerhoff.de\/?p=456","title":{"rendered":""},"content":{"rendered":"<p><span style=\"color: #ff0000;\"><strong><a href=\"http:\/\/www.evelyn-sommerhoff.de\/blog\/wp-content\/uploads\/2012\/09\/Collagen4.jpg\"><\/a><img decoding=\"async\" loading=\"lazy\" class=\"alignnone size-medium wp-image-459\" title=\"Collagen4\" src=\"http:\/\/www.evelyn-sommerhoff.de\/blog\/wp-content\/uploads\/2012\/09\/Collagen4-300x212.jpg\" alt=\"\" width=\"300\" height=\"212\" srcset=\"https:\/\/www.evelyn-sommerhoff.de\/blog\/wp-content\/uploads\/2012\/09\/Collagen4-300x212.jpg 300w, https:\/\/www.evelyn-sommerhoff.de\/blog\/wp-content\/uploads\/2012\/09\/Collagen4.jpg 320w\" sizes=\"(max-width: 300px) 100vw, 300px\" \/><\/strong><\/span><\/p>\n<p><span style=\"color: #ff0000;\"><strong>chance exchange<\/strong><\/span><\/p>\n<p><strong> <\/strong><\/p>\n<p><span style=\"color: #ff0000;\"><strong>geteilt vereint <\/strong><\/span><\/p>\n<p><strong> <\/strong><\/p>\n<p><strong>Deutschland &#8211; Korea<\/strong><\/p>\n<p><strong>Berlin \u00bb Yang Pyeong + Seoul<\/strong><\/p>\n<p>Projektleitung: SOOKI<\/p>\n<p>ein K\u00fcnstleraustausch-Projekt zwischen dem Verein Berliner K\u00fcnstler und dem s\u00fcdkoreanischen K\u00fcnstlerInnenverein Yang-Pyeong<\/p>\n<p>mit<br \/>\nAnna von Bassen \u00b7 Gerda Berger \u00b7 Conrad Brockstedt \u00b7 Marianne Gielen \u00b7\u00a0Claudia<br \/>\nHartwig\u00a0\u00b7 Ralf Kleine \u00b7 Susanne Knaak<br \/>\nMatthias Koeppel \u00b7 Simone Kornfeld \u00b7 Ina<br \/>\nLindemann \u00b7 Karl-Heinz M\u00f6ller \u00b7 Siegrid M\u00fcller-Holz \u00b7\u00a0Helga Ntephe\u00a0\u00b7 Michael Otto<br \/>\nInge H. Schmidt \u00b7 Sabine Schneider<br \/>\nAngelika Schneider-von Maydell \u00b7 Ursula Schwirzer \u00b7 Evelyn Sommerhoff \u00b7 SOOKI<\/p>\n<p><strong>1.\u00a0Yang Pyeong <\/strong><strong><br \/>\n<strong>Prefectural Museum of Art , Korea<\/strong><\/strong><\/p>\n<p><strong>Er\u00f6ffnung am 28.09. 2012 16.00 Uhr<\/strong><br \/>\n29.09. \u2013 11.10. 2012<br \/>\nAdresse &#8222;YangPyong YangPyong yanggeunri 543 Bungee&#8220;.<\/p>\n<p><strong>Telefon: 031) 775-8515<\/strong><\/p>\n<p>Steigen Sie an der Mittellinie yangpyeongyeok aus, Ausgang 1, am Flussufer entlang zu Fu\u00df f\u00fcr 10 bis 15 Minuten.<\/p>\n<p><strong>2.\u00a0Gallery Chosun<\/strong><strong> <\/strong><\/p>\n<p><strong>Er\u00f6ffnung 04.10.2012\u00a0 16.00 Uhr<\/strong><br \/>\n05.10.\u2013 11.10.2012<br \/>\n125 Sogyeok-dong Jongno-gu<br \/>\nSeoul, Korea<\/p>\n","protected":false},"excerpt":{"rendered":"\nchance exchange\n \ngeteilt vereint \n \nDeutschland &#8211; Korea\nBerlin \u00bb Yang Pyeong + Seoul\nProjektleitung: SOOKI\nein K\u00fcnstleraustausch-Projekt zwischen dem Verein Berliner K\u00fcnstler und dem s\u00fcdkoreanischen K\u00fcnstlerInnenverein Yang-Pyeong\nmit\nAnna &hellip;","protected":false},"author":2,"featured_media":0,"comment_status":"open","ping_status":"closed","sticky":false,"template":"","format":"standard","meta":[],"categories":[1],"tags":[],"_links":{"self":[{"href":"https:\/\/www.evelyn-sommerhoff.de\/index.php?rest_route=\/wp\/v2\/posts\/456"}],"collection":[{"href":"https:\/\/www.evelyn-sommerhoff.de\/index.php?rest_route=\/wp\/v2\/posts"}],"about":[{"href":"https:\/\/www.evelyn-sommerhoff.de\/index.php?rest_route=\/wp\/v2\/types\/post"}],"author":[{"embeddable":true,"href":"https:\/\/www.evelyn-sommerhoff.de\/index.php?rest_route=\/wp\/v2\/users\/2"}],"replies":[{"embeddable":true,"href":"https:\/\/www.evelyn-sommerhoff.de\/index.php?rest_route=%2Fwp%2Fv2%2Fcomments&post=456"}],"version-history":[{"count":5,"href":"https:\/\/www.evelyn-sommerhoff.de\/index.php?rest_route=\/wp\/v2\/posts\/456\/revisions"}],"predecessor-version":[{"id":464,"href":"https:\/\/www.evelyn-sommerhoff.de\/index.php?rest_route=\/wp\/v2\/posts\/456\/revisions\/464"}],"wp:attachment":[{"href":"https:\/\/www.evelyn-sommerhoff.de\/index.php?rest_route=%2Fwp%2Fv2%2Fmedia&parent=456"}],"wp:term":[{"taxonomy":"category","embeddable":true,"href":"https:\/\/www.evelyn-sommerhoff.de\/index.php?rest_route=%2Fwp%2Fv2%2Fcategories&post=456"},{"taxonomy":"post_tag","embeddable":true,"href":"https:\/\/www.evelyn-sommerhoff.de\/index.php?rest_route=%2Fwp%2Fv2%2Ftags&post=456"}],"curies":[{"name":"wp","href":"https:\/\/api.w.org\/{rel}","templated":true}]}}