{"id":520,"date":"2013-04-20T12:44:16","date_gmt":"2013-04-20T11:44:16","guid":{"rendered":"http:\/\/www.evelyn-sommerhoff.de\/?p=520"},"modified":"2013-05-12T16:15:12","modified_gmt":"2013-05-12T15:15:12","slug":"update-2013","status":"publish","type":"post","link":"https:\/\/www.evelyn-sommerhoff.de\/?p=520","title":{"rendered":"UPDATE 2013  &#8211; gallery weekend 2013"},"content":{"rendered":"<p><strong>UPDATE<\/strong> ist eine Ausstellungsreihe von K\u00fcnstlern des VBK. In den Fokus treten aktuelle Themen und\/oder ungew\u00f6hnliche Pr\u00e4sentationsformen.\u00a0Die Autonomie der Produzentengalerie macht es m\u00f6glich, jenseits von Marktorientierung experimentell und mit unterschiedlichen\u00a0Ausstellungsformen zu arbeiten.<br \/>\nF\u00fcr 2013 unter dem Titel ORGANISNUS KUNST stehen die Verortung des K\u00fcnstlervereins und die Interaktion zwischen den teilnehmenden K\u00fcnstlern im\u00a0Mittelpunkt der k\u00fcnstlerischen Arbeit. Inhaltlich und prozessual werden r\u00e4umliche, \u00e4sthetische und soziale\u00a0Nachbarschaften thematisiert.<\/p>\n<div><em>Teilnehmende K\u00fcnstler: M. Augustinski &#8211; J. Barth &#8211; S. Bartsch &#8211; G. Berger &#8211; B. Borggrebe &#8211; G.Breidenstein &#8211; BUCCO I S. Cheyne <\/em><br \/>\n<em>B. Czarnojahn &#8211; Ch. Damm &#8211; D. Dibiah &#8211; CH. Ebel &#8211; B. Eichheim &#8211; U. Faber &#8211; U. Frank &#8211; H.-J. Gabriel &#8211; M. Gielen &#8211; M. Green <\/em><br \/>\n<em>C. Hartwig &#8211; R. Jank\u00f3-Glage &#8211; J. Kellig &#8211; R. Kleine &#8211; K. Koeppel &#8211; I. Lindemann &#8211; LOUIS &#8211; D. Markner-Weiss &#8211; P.-Th. Mayer <\/em><br \/>\n<em>H.Ntephe &#8211; D. Olschewski &#8211; M. Ortmann &#8211; C. Patino Mayer &#8211; A. J. Piwarski &#8211; POGO &#8211; N. Probst &#8211; J. Reulecke &#8211; R. Roskoden <\/em><br \/>\n<em>M.-M. Sackmann &#8211; P. Schlangenbader &#8211; S. Schneider &#8211; B. Schroeger &#8211; T. Schumann &#8211; U. Schwirzer &#8211; E. Sommerhoff &#8211; H. Sp\u00f6rel <\/em><br \/>\n<em>A. Streit &#8211; A.v. Bassen &#8211; H. Wagner-Neetzel &#8211; B. Zirpins<\/em><br \/>\n<span style=\"font-family: 'Trebuchet MS';\"><em> <\/em><strong><em><br \/>\n<\/em><\/strong><strong><em><br \/>\n<\/em><\/strong><\/span><span style=\"color: #a31106;\"><strong>UPDATE 13<\/strong><br \/>\n<strong>ORGANISMUS KUNST<\/strong><\/span><br \/>\n18. Aril- 26. Mai 2013<br \/>\n<span style=\"font-family: 'Trebuchet MS';\"><br \/>\n<\/span><strong>Er\u00f6ffnung <\/strong><br \/>\n17. April 2013, 19.00 Uhr<br \/>\n<span style=\"font-family: 'Trebuchet MS';\"><br \/>\n<\/span><strong>Begr\u00fc\u00dfung<\/strong><br \/>\nSabine Schneider,<br \/>\n1. Vorsitzende des VBK<br \/>\n<span style=\"font-family: 'Trebuchet MS';\"><br \/>\n<\/span><strong>Einf\u00fchrung<\/strong><br \/>\nBlick von Au\u00dfen\/wiss. Ausf\u00fchrung<br \/>\nDr. Norbert Leclere<br \/>\n<span style=\"font-family: 'Trebuchet MS';\"><\/p>\n<p><strong><span style=\"color: #900e04;\">Gallery Weekend<\/span><\/strong><br \/>\n26.-28. April 2013<br \/>\n<strong>Sonder\u00f6ffnungszeiten<\/strong><br \/>\nFreitag 18-21 Uhr<br \/>\nSa-So \u00a0 \u00a011-19 Uhr<br \/>\n<span style=\"font-family: 'Trebuchet MS';\"><br \/>\n<\/span><strong>Ort<\/strong><br \/>\nGalerie VEREIN BERLINER K\u00dcNSTLER<br \/>\nSch\u00f6neberger Ufer 57<br \/>\n10785 Berlin<\/p>\n<p><\/span><\/div>\n<p>\u2013\u2013\u2013\u2013\u2013\u2013\u2013\u2013\u2013\u2013\u2013\u2013\u2013\u2013\u2013\u2013\u2013\u2013\u2013\u2013\u2013\u2013\u2013\u2013\u2013\u2013\u2013\u2013\u2013\u2013\u2013\u2013\u2013\u2013\u2013\u2013\u2013\u2013\u2013\u2013\u2013<br \/>\nVerein Berliner K\u00fcnstler<br \/>\nSch\u00f6neberger Ufer 57<br \/>\nD-10785 Berlin Tiergarten-Mitte<br \/>\n<span style=\"font-family: 'Trebuchet MS';\"><br \/>\n<\/span>Fon\t0049 &#8211; (0)30 &#8211; 261 23 99<br \/>\nFax\t0049 &#8211; (0)30 &#8211; 269 31 916<br \/>\n<span style=\"font-family: 'Trebuchet MS';\"><br \/>\n<\/span><a href=\"mailto:info@vbk-art.de\" target=\"_blank\">info@vbk-art.de<\/a><br \/>\n<a href=\"http:\/\/www.vbk-art.de\/\" target=\"_blank\">http:\/\/www.vbk-art.de<\/a><br \/>\nB\u00fcrozeiten: Mo-Fr, 10-15 Uhr<br \/>\n______________________________________<br \/>\n<span style=\"font-family: 'Trebuchet MS';\"><br \/>\n<\/span><\/p>\n","protected":false},"excerpt":{"rendered":"UPDATE ist eine Ausstellungsreihe von K\u00fcnstlern des VBK. In den Fokus treten aktuelle Themen und\/oder ungew\u00f6hnliche Pr\u00e4sentationsformen.\u00a0Die Autonomie der Produzentengalerie macht es m\u00f6glich, jenseits von &hellip;","protected":false},"author":2,"featured_media":0,"comment_status":"open","ping_status":"closed","sticky":false,"template":"","format":"standard","meta":[],"categories":[1],"tags":[],"_links":{"self":[{"href":"https:\/\/www.evelyn-sommerhoff.de\/index.php?rest_route=\/wp\/v2\/posts\/520"}],"collection":[{"href":"https:\/\/www.evelyn-sommerhoff.de\/index.php?rest_route=\/wp\/v2\/posts"}],"about":[{"href":"https:\/\/www.evelyn-sommerhoff.de\/index.php?rest_route=\/wp\/v2\/types\/post"}],"author":[{"embeddable":true,"href":"https:\/\/www.evelyn-sommerhoff.de\/index.php?rest_route=\/wp\/v2\/users\/2"}],"replies":[{"embeddable":true,"href":"https:\/\/www.evelyn-sommerhoff.de\/index.php?rest_route=%2Fwp%2Fv2%2Fcomments&post=520"}],"version-history":[{"count":5,"href":"https:\/\/www.evelyn-sommerhoff.de\/index.php?rest_route=\/wp\/v2\/posts\/520\/revisions"}],"predecessor-version":[{"id":525,"href":"https:\/\/www.evelyn-sommerhoff.de\/index.php?rest_route=\/wp\/v2\/posts\/520\/revisions\/525"}],"wp:attachment":[{"href":"https:\/\/www.evelyn-sommerhoff.de\/index.php?rest_route=%2Fwp%2Fv2%2Fmedia&parent=520"}],"wp:term":[{"taxonomy":"category","embeddable":true,"href":"https:\/\/www.evelyn-sommerhoff.de\/index.php?rest_route=%2Fwp%2Fv2%2Fcategories&post=520"},{"taxonomy":"post_tag","embeddable":true,"href":"https:\/\/www.evelyn-sommerhoff.de\/index.php?rest_route=%2Fwp%2Fv2%2Ftags&post=520"}],"curies":[{"name":"wp","href":"https:\/\/api.w.org\/{rel}","templated":true}]}}