{"id":653,"date":"2013-11-28T15:08:13","date_gmt":"2013-11-28T14:08:13","guid":{"rendered":"http:\/\/www.evelyn-sommerhoff.de\/?p=653"},"modified":"2013-12-02T11:50:10","modified_gmt":"2013-12-02T10:50:10","slug":"underground","status":"publish","type":"post","link":"https:\/\/www.evelyn-sommerhoff.de\/?p=653","title":{"rendered":"UNDERGROUND"},"content":{"rendered":"<p><strong>I SHOT THE SHERIFF<\/strong><\/p>\n<p>manchmal moechte ich eine waffe haben &#8211; manchmal bin ich froh, dass ich keine habe<\/p>\n<p>(evelyn Sommerhoff zu ihrer arbeit)<\/p>\n<p>Gruppenausstellung Bilder und Skulptur<\/p>\n<p><strong><\/strong> <strong>ER\u00d6FFNUNG<\/strong> I \u00a0<strong> am<\/strong> <strong>27. November 2013<\/strong><br \/>\n<strong><br \/>\n<\/strong><br \/>\n&#8222;Was waren und sind die St\u00e4rken der westlichen Kultur, woraus ist alles Geniale, Richtungsweisende gekommen?<br \/>\nAus der Subkultur, dem Progressiven, dem Underground!<br \/>\nDiese Kr\u00e4fte haben immer wieder alle Bereiche unseres Lebens gepr\u00e4gt, ausgezeichnet und sind in die Geschichte eingegangen.<\/p>\n<p>Blues, Jazz, Rock\u00b4n\u00b4Roll, Punk, Techno, Rap haben nicht nur eine musikalische Revolution ausgel\u00f6st, sondern alle<br \/>\nk\u00fcnstlerischen Medien wie bildende Kunst, Film, Schriftstellerei, Fotografie, Mode, sowie das Lebensgef\u00fchl beeinflu\u00dft und<br \/>\nver\u00e4ndert.<\/p>\n<p>Nur durch die Urkraft von unten, geboren aus Freiheitsdrang und Ver\u00e4nderungswillen hat sich unsere Kultur weiterentwickelt.<br \/>\nDie aktuellste Str\u00f6mung ist momentan &#8220; Street Art &#8222;, eine weltweit sich immer st\u00e4rker durchsetzende Kunstrichtung,\u00a0entstanden aus dem &#8220; Graffiti &#8222;, k\u00e4mpft sie auf gesellschaftspolitischer Ebene f\u00fcr soziale Gerechtigkeit.&#8220;<\/p>\n<p>In der diesj\u00e4hrigen\u00a0<strong>VBK &#8211; Winterausstellung<\/strong>, unter dem Titel\u00a0UNDER GROUND spiegelt sich diese universelle Energie,\u00a0die den K\u00fcnstler im Menschen auszeichnet,\u00a0wieder.<strong><br \/>\n<\/strong><strong>Wir freuen uns \u00fcber Ihr Interesse sowie Sie und Ihre Freunde an dem Abend begr\u00fc\u00dfen zu d\u00fcrfen!!!<\/strong><strong><br \/>\n<\/strong>Mit freundlichen Gr\u00fc\u00dfenDie K\u00fcnstlerinnen und K\u00fcnstler des VBK!<strong><br \/>\n<\/strong><strong><br \/>\n<\/strong><strong>Im Rahmen der Ausstellung laden wir Sie ebenso zu unseren Sonderveranstaltungen herzlich ein:<\/strong><strong><br \/>\n<\/strong><strong>Montag, 2. Dezember 2013, 19.00 Uhr<\/strong>in Kooperation mit dem Literatur-Salon Potsdamer Strasse\u00a0<strong>&#8222;Herwarth Walden und Wassily Kandinsky. Briefe, Bilder, Begegnungen 1912-1914&#8220;<\/strong>Vortrag von Karla Bilang<br \/>\n<strong><br \/>\n<\/strong><strong>Donnerstag, 12. Dezember 2013, 19.00 Uhr<\/strong>Anl\u00e4sslich des Gedenkjahres zum 150. Geburtstag des Malers Edvard Munch\u00a0in Kooperation mit der K\u00f6niglichen Norwegischen Botschaft<strong>&#8222;Der Maler Edvard Munch&#8220;<\/strong>,\u00a0Lesung mit Tanja Langer, Autorin<br \/>\n<strong>Aufgrund der Platzkapazit\u00e4ten bitten wir f\u00fcr diese Veranstaltung um Anmeldung.<\/strong><strong><br \/>\n<\/strong><strong>Begr\u00fc\u00dfung<\/strong>Sabine Schneider,\u00a0VBK Vorstand<br \/>\n<strong>Einf\u00fchrung<\/strong>Anne-Kirsti W. Karlsen,\u00a0Botschaftsr\u00e4tin der Kgl. Norwegischen Botschaft<br \/>\n<strong>Musikalischer Vortrag<\/strong> Ilona Nymoen<cite>www.ilonanymoen.de<\/cite><em><br \/>\n<\/em><strong><br \/>\n<\/strong><strong>UNDER GROUND<\/strong>28.11.2013-11.01.2014<strong><br \/>\n<\/strong><strong>teilnehmende K\u00fcnstlerInnen:<\/strong>Silke Bartsch | Gerda Berger | Lutz Brandt | Gerd Breidenstein I \u00a0Conrad Brockstedt | BUCCO | Barbara Czarnojahn | Christoph Damm<br \/>\nChristian Ebel | Burghild Eichheim | Ute Faber | Ulrike Frank \u00a0I \u00a0Christian Ebel | Burghild Eichheim | Ute Faber | Ulrike FrankGerhard Gabel | Hans-J\u00fcrgen Gabriel | Marianne Gielen \u00a0I J\u00fcrgen Kellig \u00a0I \u00a0Ralf Kleine | Susanne Knaack | Karoline Koeppel \u00a0Matthias Koeppel\u00a0Uschi Leonhardt | Ina Lindemann | Dorothea Markner-Wei\u00df \u00a0I \u00a0Peter Th. MayerKlaus Mollenhauer | Helga Ntephe \u00a0I \u00a0Monika Ortmann \u00a0I \u00a0Renate Pfrommer \u00a0I \u00a0POGO \u00a0I \u00a0Michaela Rothe | Peter Schlangenbader\u00a0Sabine Schneider I \u00a0Bernadette Schr\u00f6ger | Ursula Schwirzer | Evelyn Sommerhoff \u00a0I \u00a0SOOKIHermann Sp\u00f6rel | Detlef Suske | J\u00fcrgen Tenz | Doris von Klopotek \u00a0I \u00a0Helga Wagner | Barbara Zirpins<br \/>\n<strong>Er\u00f6ffnung<\/strong>Mittwoch, 27.11.2013,19 Uhr<br \/>\n<strong>Begr\u00fc\u00dfung<\/strong><br \/>\nPeter Schlangenbader<br \/>\nVBK-Vorstand<\/p>\n<p><strong>Ort<\/strong><br \/>\nGalerie VEREIN BERLINER K\u00dcNSTLER<br \/>\nSch\u00f6neberger Ufer 57<br \/>\n10785 Berlin<\/p>\n<p><strong>\u00d6ffnungszeiten<\/strong><br \/>\nDi-Fr, 15-19 Uhr<br \/>\n&#8230;<\/p>\n","protected":false},"excerpt":{"rendered":"I SHOT THE SHERIFF\nmanchmal moechte ich eine waffe haben &#8211; manchmal bin ich froh, dass ich keine habe\n(evelyn Sommerhoff zu ihrer arbeit)\nGruppenausstellung Bilder und Skulptur\n &hellip;","protected":false},"author":2,"featured_media":0,"comment_status":"open","ping_status":"closed","sticky":false,"template":"","format":"standard","meta":[],"categories":[1],"tags":[],"_links":{"self":[{"href":"https:\/\/www.evelyn-sommerhoff.de\/index.php?rest_route=\/wp\/v2\/posts\/653"}],"collection":[{"href":"https:\/\/www.evelyn-sommerhoff.de\/index.php?rest_route=\/wp\/v2\/posts"}],"about":[{"href":"https:\/\/www.evelyn-sommerhoff.de\/index.php?rest_route=\/wp\/v2\/types\/post"}],"author":[{"embeddable":true,"href":"https:\/\/www.evelyn-sommerhoff.de\/index.php?rest_route=\/wp\/v2\/users\/2"}],"replies":[{"embeddable":true,"href":"https:\/\/www.evelyn-sommerhoff.de\/index.php?rest_route=%2Fwp%2Fv2%2Fcomments&post=653"}],"version-history":[{"count":7,"href":"https:\/\/www.evelyn-sommerhoff.de\/index.php?rest_route=\/wp\/v2\/posts\/653\/revisions"}],"predecessor-version":[{"id":663,"href":"https:\/\/www.evelyn-sommerhoff.de\/index.php?rest_route=\/wp\/v2\/posts\/653\/revisions\/663"}],"wp:attachment":[{"href":"https:\/\/www.evelyn-sommerhoff.de\/index.php?rest_route=%2Fwp%2Fv2%2Fmedia&parent=653"}],"wp:term":[{"taxonomy":"category","embeddable":true,"href":"https:\/\/www.evelyn-sommerhoff.de\/index.php?rest_route=%2Fwp%2Fv2%2Fcategories&post=653"},{"taxonomy":"post_tag","embeddable":true,"href":"https:\/\/www.evelyn-sommerhoff.de\/index.php?rest_route=%2Fwp%2Fv2%2Ftags&post=653"}],"curies":[{"name":"wp","href":"https:\/\/api.w.org\/{rel}","templated":true}]}}