{"id":682,"date":"2014-02-26T11:54:33","date_gmt":"2014-02-26T10:54:33","guid":{"rendered":"http:\/\/www.evelyn-sommerhoff.de\/?p=682"},"modified":"2014-09-20T10:00:37","modified_gmt":"2014-09-20T09:00:37","slug":"r-o-t","status":"publish","type":"post","link":"https:\/\/www.evelyn-sommerhoff.de\/?p=682","title":{"rendered":"R O T"},"content":{"rendered":"<p>Evelyn Sommerhoff:<\/p>\n<p>ICH SEHE ROT\u00a0 &#8211; MOTION IN RED\u00a0 &#8211; der rote Faden in meiner k\u00fcnstlerischen Arbeit<\/p>\n<p>&#8222;Rot ist die Liebe, rot ist das Blut, rot ist der Teufel in seiner Wut.&#8220; (Mahmoud Lamine)<\/p>\n<p>Im Paradies steht das Rot fuer die Liebe, der rote Faden der Ariadne fuehrt vom get\u00f6teten\u00a0 Minotaurus zur\u00fcck, die rote Tinte des mit der Flinte des J\u00e4gers erschossenen Fuchses fliesst, ecce homo\u2026..<\/p>\n<p>rote Linsensuppe, roter Wein, rote Lippen, Rotk\u00e4ppchen, roter Fruchtsaft, rote Haare, der Kelch mit dem Roten, lasst uns vom Roten schlingen\u2026<\/p>\n<p>Die Farbe Rot ist Kulturgeschichte und steht f\u00fcr das Leben.<\/p>\n<p>7 K\u00fcnstler \u00e4u\u00dfern sich zum Thema\u00a0 &#8222;ROT&#8220;<\/p>\n<p>und stellen ihre gro\u00dfformatigen Bilder im Entr\u00e9e des Geb\u00e4udes in der<\/p>\n<div>\n<p>Friedrichstra\u00dfe 200, Philipp-Johnson Haus, 10171 Berlin &#8211; Mitte, aus.<\/p>\n<p>Die K\u00fcnstler:<\/p>\n<\/div>\n<div>\n<p>Bernhard Ailinger\u00a0\u00a0\u00a0\u00a0\u00a0\u00a0\u00a0\u00a0\u00a0\u00a0\u00a0 \u00a0\u00a0 <a href=\"http:\/\/www.ailinger.net\" target=\"_blank\">www.ailinger.net<\/a><\/p>\n<\/div>\n<div>\n<p>Ulrich Diezmann\u00a0\u00a0\u00a0\u00a0\u00a0\u00a0\u00a0\u00a0\u00a0\u00a0\u00a0\u00a0\u00a0 \u00a0\u00a0 <a href=\"http:\/\/www.ulrich-diezmann.de\" target=\"_blank\">www.ulrich-diezmann.de<\/a><\/p>\n<\/div>\n<div>\n<p>Jodd von Schaffstein\u00a0\u00a0\u00a0\u00a0\u00a0\u00a0\u00a0\u00a0\u00a0 <a href=\"http:\/\/www.jodd.de\" target=\"_blank\">www.jodd.de<\/a><\/p>\n<\/div>\n<div>\n<p>Ina Lindemann\u00a0\u00a0\u00a0\u00a0\u00a0\u00a0\u00a0\u00a0\u00a0\u00a0\u00a0\u00a0\u00a0\u00a0\u00a0\u00a0\u00a0\u00a0 <a href=\"http:\/\/www.inalindemann.de\" target=\"_blank\">www.inalindemann.de<\/a><\/p>\n<\/div>\n<div>\n<p>Peter Lindenberg\u00a0\u00a0\u00a0\u00a0\u00a0\u00a0\u00a0\u00a0\u00a0\u00a0\u00a0\u00a0\u00a0\u00a0\u00a0 <a href=\"http:\/\/www.galerie-rohling.de\" target=\"_blank\">www.galerierohling.de<\/a><\/p>\n<\/div>\n<div>\n<p>Evelyn Sommerhoff<\/p>\n<\/div>\n<div>\n<p>Bianka Timpe\u00a0\u00a0\u00a0\u00a0\u00a0\u00a0\u00a0\u00a0\u00a0\u00a0\u00a0\u00a0\u00a0\u00a0\u00a0\u00a0\u00a0\u00a0\u00a0\u00a0 <a href=\"http:\/\/www.art-timpe.de\" target=\"_blank\">www.art-timpe.de<\/a><\/p>\n<\/div>\n<div>\n<p>Ausstellungsdauer: 28. 02 &#8211; 23.04. 2014<\/p>\n<\/div>\n<div>\n<p>kuratiert von Peter Lindenberg<\/p>\n<\/div>\n","protected":false},"excerpt":{"rendered":"Evelyn Sommerhoff:\nICH SEHE ROT\u00a0 &#8211; MOTION IN RED\u00a0 &#8211; der rote Faden in meiner k\u00fcnstlerischen Arbeit\n&#8222;Rot ist die Liebe, rot ist das Blut, rot ist &hellip;","protected":false},"author":2,"featured_media":0,"comment_status":"open","ping_status":"closed","sticky":false,"template":"","format":"standard","meta":[],"categories":[1],"tags":[],"_links":{"self":[{"href":"https:\/\/www.evelyn-sommerhoff.de\/index.php?rest_route=\/wp\/v2\/posts\/682"}],"collection":[{"href":"https:\/\/www.evelyn-sommerhoff.de\/index.php?rest_route=\/wp\/v2\/posts"}],"about":[{"href":"https:\/\/www.evelyn-sommerhoff.de\/index.php?rest_route=\/wp\/v2\/types\/post"}],"author":[{"embeddable":true,"href":"https:\/\/www.evelyn-sommerhoff.de\/index.php?rest_route=\/wp\/v2\/users\/2"}],"replies":[{"embeddable":true,"href":"https:\/\/www.evelyn-sommerhoff.de\/index.php?rest_route=%2Fwp%2Fv2%2Fcomments&post=682"}],"version-history":[{"count":8,"href":"https:\/\/www.evelyn-sommerhoff.de\/index.php?rest_route=\/wp\/v2\/posts\/682\/revisions"}],"predecessor-version":[{"id":687,"href":"https:\/\/www.evelyn-sommerhoff.de\/index.php?rest_route=\/wp\/v2\/posts\/682\/revisions\/687"}],"wp:attachment":[{"href":"https:\/\/www.evelyn-sommerhoff.de\/index.php?rest_route=%2Fwp%2Fv2%2Fmedia&parent=682"}],"wp:term":[{"taxonomy":"category","embeddable":true,"href":"https:\/\/www.evelyn-sommerhoff.de\/index.php?rest_route=%2Fwp%2Fv2%2Fcategories&post=682"},{"taxonomy":"post_tag","embeddable":true,"href":"https:\/\/www.evelyn-sommerhoff.de\/index.php?rest_route=%2Fwp%2Fv2%2Ftags&post=682"}],"curies":[{"name":"wp","href":"https:\/\/api.w.org\/{rel}","templated":true}]}}